{"id":3114,"date":"2026-04-14T18:28:55","date_gmt":"2026-04-14T16:28:55","guid":{"rendered":"https:\/\/www.masev.org\/dernek\/?p=3114"},"modified":"2026-04-14T18:29:45","modified_gmt":"2026-04-14T16:29:45","slug":"8-olagan-genel-kurulumuz-yapildi","status":"publish","type":"post","link":"https:\/\/www.masev.org\/dernek\/8-olagan-genel-kurulumuz-yapildi\/","title":{"rendered":"8. Ola\u011fan Genel Kurulumuz Yap\u0131ld\u0131"},"content":{"rendered":"\n<p>Tokat Malum Seyit Tekkeliler E\u011fitim K\u00fclt\u00fcr E\u011fitim Yard\u0131mla\u015fma ve Dayan\u0131\u015fma Derne\u011fi 8 .Ola\u011fan kurulunu Ger\u00e7ekle\u015ftirdi.<\/p>\n\n\n\n<p>Divan Ba\u015fkan\u0131 ve Divan y\u00f6netim kurulu ile Yeni Y\u00f6netim ve Dernek Ba\u015fkan\u0131 Ali DURAN ve yeni y\u00f6netim isimleri ile okunup sahne alan\u0131nda oy \u00e7oklu\u011fuyla kabul edilmi\u015ftir.<\/p>\n\n\n\n<p>Yeni Y\u00f6netim <\/p>\n\n\n\n<p>Dernek Ba\u015fkan\u0131 : Ali Duran<\/p>\n\n\n\n<p>Duran \u00c7inpolat, Enes Solmaz, Durmu\u015f Temur, Necmi Ku\u015fkaya, Mustafa Temur, Mahmut G\u00fc\u00e7l\u00fc, \u0130smail B\u0131ld\u0131rc\u0131n, ilhan Akta\u015f, Ahmet \u00c7akar, Turan Tosun, Sezer Delibay\u0131r, Sefa Ayhan, O\u011fuzhan Sar\u0131kaya, Kaya Bakacak, Mustafa Turgut, Fazl\u0131 Karabulut, Hac\u0131 F\u0131nd\u0131k, Mustafa G\u00f6rmez, Ahmet Yurtkulu, Salih \u00c7al\u0131\u015fkan,Tura n Sezgin,<\/p>\n\n\n\n<p>Se\u00e7ilmi\u015ftir.<\/p>\n\n\n\n<figure class=\"wp-block-image size-large\"><img fetchpriority=\"high\" decoding=\"async\" width=\"1024\" height=\"750\" src=\"https:\/\/www.masev.org\/dernek\/wp-content\/uploads\/2026\/04\/YONETIM-1024x750.jpg\" alt=\"\" class=\"wp-image-3117\" srcset=\"https:\/\/www.masev.org\/dernek\/wp-content\/uploads\/2026\/04\/YONETIM-1024x750.jpg 1024w, https:\/\/www.masev.org\/dernek\/wp-content\/uploads\/2026\/04\/YONETIM-300x220.jpg 300w, https:\/\/www.masev.org\/dernek\/wp-content\/uploads\/2026\/04\/YONETIM-768x562.jpg 768w, https:\/\/www.masev.org\/dernek\/wp-content\/uploads\/2026\/04\/YONETIM-1536x1125.jpg 1536w, https:\/\/www.masev.org\/dernek\/wp-content\/uploads\/2026\/04\/YONETIM.jpg 1920w\" sizes=\"(max-width: 1024px) 100vw, 1024px\" \/><\/figure>\n","protected":false},"excerpt":{"rendered":"<p>Tokat Malum Seyit Tekkeliler E\u011fitim K\u00fclt\u00fcr E\u011fitim Yard\u0131mla\u015fma ve Dayan\u0131\u015fma Derne\u011fi 8 .Ola\u011fan kurulunu Ger\u00e7ekle\u015ftirdi. Divan Ba\u015fkan\u0131 ve Divan y\u00f6netim kurulu ile Yeni Y\u00f6netim ve Dernek Ba\u015fkan\u0131 Ali DURAN ve yeni y\u00f6netim isimleri ile okunup sahne alan\u0131nda oy \u00e7oklu\u011fuyla kabul edilmi\u015ftir. Yeni Y\u00f6netim Dernek Ba\u015fkan\u0131 : Ali Duran Duran \u00c7inpolat, Enes Solmaz, Durmu\u015f Temur, Necmi [&hellip;]<\/p>\n","protected":false},"author":35,"featured_media":3116,"comment_status":"open","ping_status":"closed","sticky":false,"template":"","format":"standard","meta":{"footnotes":""},"categories":[5],"tags":[],"class_list":["post-3114","post","type-post","status-publish","format-standard","has-post-thumbnail","hentry","category-dernegimiz"],"_links":{"self":[{"href":"https:\/\/www.masev.org\/dernek\/wp-json\/wp\/v2\/posts\/3114","targetHints":{"allow":["GET"]}}],"collection":[{"href":"https:\/\/www.masev.org\/dernek\/wp-json\/wp\/v2\/posts"}],"about":[{"href":"https:\/\/www.masev.org\/dernek\/wp-json\/wp\/v2\/types\/post"}],"author":[{"embeddable":true,"href":"https:\/\/www.masev.org\/dernek\/wp-json\/wp\/v2\/users\/35"}],"replies":[{"embeddable":true,"href":"https:\/\/www.masev.org\/dernek\/wp-json\/wp\/v2\/comments?post=3114"}],"version-history":[{"count":2,"href":"https:\/\/www.masev.org\/dernek\/wp-json\/wp\/v2\/posts\/3114\/revisions"}],"predecessor-version":[{"id":3118,"href":"https:\/\/www.masev.org\/dernek\/wp-json\/wp\/v2\/posts\/3114\/revisions\/3118"}],"wp:featuredmedia":[{"embeddable":true,"href":"https:\/\/www.masev.org\/dernek\/wp-json\/wp\/v2\/media\/3116"}],"wp:attachment":[{"href":"https:\/\/www.masev.org\/dernek\/wp-json\/wp\/v2\/media?parent=3114"}],"wp:term":[{"taxonomy":"category","embeddable":true,"href":"https:\/\/www.masev.org\/dernek\/wp-json\/wp\/v2\/categories?post=3114"},{"taxonomy":"post_tag","embeddable":true,"href":"https:\/\/www.masev.org\/dernek\/wp-json\/wp\/v2\/tags?post=3114"}],"curies":[{"name":"wp","href":"https:\/\/api.w.org\/{rel}","templated":true}]}}