{"id":1561,"date":"2017-09-03T18:33:27","date_gmt":"2017-09-03T18:33:27","guid":{"rendered":"http:\/\/masev.org\/dernek\/?p=1561"},"modified":"2018-08-25T20:52:10","modified_gmt":"2018-08-25T18:52:10","slug":"kurban-bayraminiz-mubarek-olsun","status":"publish","type":"post","link":"https:\/\/www.masev.org\/dernek\/kurban-bayraminiz-mubarek-olsun\/","title":{"rendered":"Kurban Bayram\u0131n\u0131z M\u00fcbarek Olsun"},"content":{"rendered":"<p><a href=\"http:\/\/masev.org\/dernek\/wp-content\/uploads\/2017\/09\/kurban-afi\u015f.fw_.png\"><img fetchpriority=\"high\" decoding=\"async\" class=\"aligncenter wp-image-1562 size-full\" src=\"http:\/\/masev.org\/dernek\/wp-content\/uploads\/2017\/09\/kurban-afi\u015f.fw_.png\" alt=\"\" width=\"700\" height=\"1000\" \/><\/a><\/p>\n","protected":false},"excerpt":{"rendered":"","protected":false},"author":35,"featured_media":0,"comment_status":"open","ping_status":"closed","sticky":false,"template":"","format":"standard","meta":{"footnotes":""},"categories":[7],"tags":[],"class_list":["post-1561","post","type-post","status-publish","format-standard","hentry","category-faaliyetlerimiz"],"_links":{"self":[{"href":"https:\/\/www.masev.org\/dernek\/wp-json\/wp\/v2\/posts\/1561","targetHints":{"allow":["GET"]}}],"collection":[{"href":"https:\/\/www.masev.org\/dernek\/wp-json\/wp\/v2\/posts"}],"about":[{"href":"https:\/\/www.masev.org\/dernek\/wp-json\/wp\/v2\/types\/post"}],"author":[{"embeddable":true,"href":"https:\/\/www.masev.org\/dernek\/wp-json\/wp\/v2\/users\/35"}],"replies":[{"embeddable":true,"href":"https:\/\/www.masev.org\/dernek\/wp-json\/wp\/v2\/comments?post=1561"}],"version-history":[{"count":4,"href":"https:\/\/www.masev.org\/dernek\/wp-json\/wp\/v2\/posts\/1561\/revisions"}],"predecessor-version":[{"id":1565,"href":"https:\/\/www.masev.org\/dernek\/wp-json\/wp\/v2\/posts\/1561\/revisions\/1565"}],"wp:attachment":[{"href":"https:\/\/www.masev.org\/dernek\/wp-json\/wp\/v2\/media?parent=1561"}],"wp:term":[{"taxonomy":"category","embeddable":true,"href":"https:\/\/www.masev.org\/dernek\/wp-json\/wp\/v2\/categories?post=1561"},{"taxonomy":"post_tag","embeddable":true,"href":"https:\/\/www.masev.org\/dernek\/wp-json\/wp\/v2\/tags?post=1561"}],"curies":[{"name":"wp","href":"https:\/\/api.w.org\/{rel}","templated":true}]}}